{"id":1755,"date":"2016-10-05T15:51:24","date_gmt":"2016-10-05T15:51:24","guid":{"rendered":"http:\/\/www.ofm.hr\/juniorat\/?p=1755"},"modified":"2017-03-15T08:04:05","modified_gmt":"2017-03-15T08:04:05","slug":"opomene-sv-franje-xxii-o-korenju","status":"publish","type":"post","link":"https:\/\/ofm.hr\/juniorat\/opomene-sv-franje-xxii-o-korenju\/","title":{"rendered":"Opomene sv Franje: XXII. O korenju"},"content":{"rendered":"<blockquote>\n<p style=\"text-align: justify;\"><span style=\"font-size: 12pt; font-family: georgia, palatino, serif;\"><em>Blago sluzi koji podnosi stegu, ukor i prigovor od drugoga tako strpljivo kao od sebe. Blago sluzi koji, kad je ukoren, to dobrostivo prima, \u010dedno se podla\u017ee, ponizno priznaje i rado daje zadovolj\u0161tinu. Blago sluzi koji nije brz u opravdavanju sebe i ponizno podnosi sramotu i predbacivanje grijeha gdje grijeha nije po\u010dinio.<\/em><\/span><\/p>\n<\/blockquote>\n<p style=\"text-align: justify;\"><span style=\"font-size: 12pt; font-family: georgia, palatino, serif;\">Ukor je rijetka stvar koju nam je te\u0161ko dati, a jo\u0161 te\u017ee primiti. Te\u0161ko nam je opomenuti jer smo ovisni o mi\u0161ljenju drugih. Stalo nam je da drugi imaju lijepo mi\u0161ljenje o nama, bez obzira je li to mi\u0161ljenje ispravno. Ako opomenemo nekoga postoji strah da se ne posva\u0111amo s tom osobom koju opominjemo ili, jo\u0161 \u010de\u0161\u0107e, da \u0107e ta osoba imati lo\u0161e mi\u0161ljenje o nama, da \u0107e na\u0161a vrijednost opasti u o\u010dima te osobe i sl. I tako lako na\u0111emo rije\u0161enje \u2013 ne opominjati. Tako mo\u017eemo \u017eivjeti u miru sa svima. Ne diraj me \u2013 ne diram te. No to nije rije\u0161enje. To nije logika evan\u0111elja i svetoga Franje.<\/span><\/p>\n<p style=\"text-align: justify;\"><span style=\"font-size: 12pt; font-family: georgia, palatino, serif;\">Postoji i druga krajnost, tj. opominjati uvijek i u zgodno i u nezgodno vrijeme. Pa nam je \u010desto na rije\u010d opominjanje prva asocijacija opominjati druge, \u201epopravljati druge\u201c, upirati prstom u druge kako bismo im ukazali na njihovu manu. No ni to nije najsretnije rije\u0161enje jer nije opomena sama sebi svrha. Samo da ja odradim tu svoju kr\u0161\u0107ansku du\u017enost da sam ja svoje napravio, a to ho\u0107e li moja opomena uroditi plodom to nije do mene, nego do opomenutoga. Opomena jest re\u0107i drugome istinu, ukazati mu na pogre\u0161ku, ali re\u0107i s ciljem da se ta pogre\u0161ka popravi. U tom smislu pokojni fra Zvjezdan Lini\u0107 je znao re\u0107i: \u201e<em>nije svaka isitna \u2013 istina. Samo istina izgovorena u ljubavi je istina<\/em>.\u201c Ljubav je ona koja poti\u010de i onoga koji opominje i opomenutoga. Toga je svjestan i sveti Franjo te i nas poti\u010de da opominjemo, ali blago i u ljubavi kako na\u0161e opominjanje ne bi bilo uzaludno i bezplodno.<\/span><\/p>\n<p style=\"text-align: justify;\"><span style=\"font-size: 12pt; font-family: georgia, palatino, serif;\">Franjo je \u010desto govorio da ne moramo opominjati toliko rije\u010dima koliko \u017eivotom. Kao \u0161to i u potvr\u0111enom pravilu tra\u017ei od nas, svoje bra\u0107e, da propovijedamo uvijek, a samo ako je potrebno da koristimo i rije\u010di. On nas izaziva da po\u0111emo od sebe samih da popravimo i opominjemo prvo sebe, a tako \u0107emo onda popraviti i dru\u0161tvo. Tako i u ovoj opomeni ne stavlja naglasak na opominjanje drugih, nego na prihva\u0107anje opomene. Istina, nije lako prihvatiti opomenu, ali to je put najizvrsniji jer kao \u0161to nas Sveto pismo u\u010di \u201e<em>koji se ponizuje, bit \u0107e uzvi\u0161en<\/em>\u201d (Lk 14,11)., Franjo je toga svjestan, stoga nam i ka\u017ee <em>Blago sluzi koji podnosi stegu, ukor i prigovor od drugoga tako strpljivo kao od sebe.<\/em> To je logika evan\u0111elja i svetoga Franje.<\/span><\/p>\n<p style=\"text-align: justify;\"><span style=\"font-size: 12pt; font-family: georgia, palatino, serif;\"><a href=\"http:\/\/www.ofm.hr\/juniorat\/wp-content\/uploads\/2017\/03\/Gabrijel1.png\" data-rel=\"lightbox-image-0\" data-rl_title=\"\" data-rl_caption=\"\" title=\"\"><img loading=\"lazy\" decoding=\"async\" class=\"size-full wp-image-2441 aligncenter\" src=\"http:\/\/www.ofm.hr\/juniorat\/wp-content\/uploads\/2017\/03\/Gabrijel1.png\" alt=\"\" width=\"730\" height=\"60\" srcset=\"https:\/\/ofm.hr\/juniorat\/wp-content\/uploads\/2017\/03\/Gabrijel1.png 730w, https:\/\/ofm.hr\/juniorat\/wp-content\/uploads\/2017\/03\/Gabrijel1-300x25.png 300w, https:\/\/ofm.hr\/juniorat\/wp-content\/uploads\/2017\/03\/Gabrijel1-50x4.png 50w\" sizes=\"auto, (max-width: 730px) 100vw, 730px\" \/><\/a><\/span><\/p>\n","protected":false},"excerpt":{"rendered":"<p>Blago sluzi koji podnosi stegu, ukor i prigovor od drugoga tako strpljivo kao od sebe. Blago sluzi koji, kad je ukoren, to dobrostivo prima, \u010dedno se podla\u017ee, ponizno priznaje i rado daje zadovolj\u0161tinu. Blago sluzi koji nije brz u opravdavanju sebe i ponizno podnosi sramotu i predbacivanje grijeha gdje grijeha nije po\u010dinio. Ukor je rijetka &#8230; <a title=\"Opomene sv Franje: XXII. O korenju\" class=\"read-more\" href=\"https:\/\/ofm.hr\/juniorat\/opomene-sv-franje-xxii-o-korenju\/\" aria-label=\"Read more about Opomene sv Franje: XXII. O korenju\">Op\u0161irnije<\/a><\/p>\n","protected":false},"author":10,"featured_media":1756,"comment_status":"open","ping_status":"open","sticky":false,"template":"","format":"standard","meta":{"inline_featured_image":false,"footnotes":""},"categories":[2],"tags":[],"class_list":["post-1755","post","type-post","status-publish","format-standard","has-post-thumbnail","hentry","category-franjevastvo"],"views":5105,"_links":{"self":[{"href":"https:\/\/ofm.hr\/juniorat\/wp-json\/wp\/v2\/posts\/1755","targetHints":{"allow":["GET"]}}],"collection":[{"href":"https:\/\/ofm.hr\/juniorat\/wp-json\/wp\/v2\/posts"}],"about":[{"href":"https:\/\/ofm.hr\/juniorat\/wp-json\/wp\/v2\/types\/post"}],"author":[{"embeddable":true,"href":"https:\/\/ofm.hr\/juniorat\/wp-json\/wp\/v2\/users\/10"}],"replies":[{"embeddable":true,"href":"https:\/\/ofm.hr\/juniorat\/wp-json\/wp\/v2\/comments?post=1755"}],"version-history":[{"count":0,"href":"https:\/\/ofm.hr\/juniorat\/wp-json\/wp\/v2\/posts\/1755\/revisions"}],"wp:featuredmedia":[{"embeddable":true,"href":"https:\/\/ofm.hr\/juniorat\/wp-json\/wp\/v2\/media\/1756"}],"wp:attachment":[{"href":"https:\/\/ofm.hr\/juniorat\/wp-json\/wp\/v2\/media?parent=1755"}],"wp:term":[{"taxonomy":"category","embeddable":true,"href":"https:\/\/ofm.hr\/juniorat\/wp-json\/wp\/v2\/categories?post=1755"},{"taxonomy":"post_tag","embeddable":true,"href":"https:\/\/ofm.hr\/juniorat\/wp-json\/wp\/v2\/tags?post=1755"}],"curies":[{"name":"wp","href":"https:\/\/api.w.org\/{rel}","templated":true}]}}